{"id":84772,"date":"2020-05-20T15:16:55","date_gmt":"2020-05-20T06:16:55","guid":{"rendered":"https:\/\/trade-center.info\/?p=84772"},"modified":"2020-05-20T20:35:19","modified_gmt":"2020-05-20T11:35:19","slug":"directo-coronavirus-pedro-sanchez-pide-una-nueva-prorroga-del-estado-de-alarma-%e2%88%92-%e3%82%a2%e3%83%95%e3%82%a3%e3%83%aa%e3%82%a8%e3%82%a4%e3%83%88%e5%8b%95%e7%94%bb%e3%81%be%e3%81%a8%e3%82%81","status":"publish","type":"post","link":"https:\/\/trade-center.info\/?p=84772","title":{"rendered":"DIRECTO CORONAVIRUS | Pedro S\u00e1nchez pide una nueva pr\u00f3rroga del estado de alarma \u2212 \u30a2\u30d5\u30a3\u30ea\u30a8\u30a4\u30c8\u52d5\u753b\u307e\u3068\u3081"},"content":{"rendered":"<p><iframe width=\"480\" height=\"270\" src=\"https:\/\/www.youtube.com\/embed\/Tj7kgXIy8jc?feature=oembed\" frameborder=\"0\" allow=\"accelerometer; autoplay; encrypted-media; gyroscope; picture-in-picture\" allowfullscreen><\/iframe><\/p>\n<p>Por tercer d\u00eda consecutivo Espa\u00f1a ha bajado de los 100 muertos por coronavirus. En las \u00faltimas 24 horas ha habido 83 fallecimientos por COvid-19, una cifra superior a la de ayer (59). Mientras tanto, el Pleno del Congreso que hoy debatir\u00e1 y votar\u00e1 la pr\u00f3rroga del estado de alarma centra la actividad pol\u00edtica. El Gobierno ha pactado este martes con Ciudadanos otra pr\u00f3rroga de 15 d\u00edas tras aceptar nuevas condiciones del partido naranja.<\/p>\n<p>#PedroS\u00e1nchez #Estadodealarma #Coronavirus<\/p>\n<p>La \u00faltima hora del coronavirus hoy con EL MUNDO: https:\/\/www.elmundo.es\/ciencia-y-salud\/salud\/2020\/05\/19\/5ec383e4fc6c83ca0f8b45b4.html<\/p>\n<p>\u00bfQuieres m\u00e1s historias?<br \/>\nSuscr\u00edbete a nuestro canal \u25ba https:\/\/goo.gl\/L2MPk1 <\/p>\n<p>Visita ElMundo: https:\/\/www.elmundo.es<br \/>\nTodos nuestros v\u00eddeos: https:\/\/goo.gl\/r9Vzu8<\/p>\n<p>S\u00edguenos en las redes sociales:<br \/>\nEn Facebook: https:\/\/www.facebook.com\/elmundo\/<br \/>\nEn Twitter: https:\/\/twitter.com\/elmundoes<br \/>\nEn Instagram: https:\/\/www.instagram.com\/elmundo_es<\/p>\n","protected":false},"excerpt":{"rendered":"<p>Por tercer d\u00eda consecutivo Espa\u00f1a ha bajado de los 100 muertos por coronavirus. En las\u2026","protected":false},"author":1,"featured_media":84773,"comment_status":"open","ping_status":"open","sticky":false,"template":"","format":"standard","meta":{"yasr_overall_rating":0,"yasr_post_is_review":"","yasr_auto_insert_disabled":"","yasr_review_type":"","spay_email":"","jetpack_publicize_message":"","jetpack_is_tweetstorm":false},"categories":[1],"tags":[],"yasr_visitor_votes":{"stars_attributes":{"read_only":false,"span_bottom":false},"number_of_votes":0,"sum_votes":0},"jetpack_featured_media_url":"https:\/\/i2.wp.com\/trade-center.info\/wp-content\/uploads\/2020\/05\/2eaa398326b62aabb4c57791134e6be9.jpg?fit=1280%2C720&ssl=1","jetpack_publicize_connections":[],"yoast_head":"<!-- This site is optimized with the Yoast SEO plugin v15.9.2 - https:\/\/yoast.com\/wordpress\/plugins\/seo\/ -->\n<meta name=\"description\" content=\"Por tercer d\u00eda consecutivo Espa\u00f1a ha bajado de los 100 muertos por coronavirus. En las \u00faltimas 24 horas ha habido 83 fallecimientos por COvid-19, una cifra superior a la de ayer (59). Mientras tanto, el Pleno del Congreso que hoy debatir\u00e1 y votar\u00e1 la pr\u00f3rroga del estado de alarma centra la actividad pol\u00edtica. El Gobierno ha pactado este martes con Ciudadanos otra pr\u00f3rroga de 15 d\u00edas tras aceptar nuevas condiciones del partido naranja. #PedroS\u00e1nchez #Estadodealarma #Coronavirus La \u00faltima hora del coronavirus hoy con EL MUNDO: https:\/\/www.elmundo.es\/ciencia-y-salud\/salud\/2020\/05\/19\/5ec383e4fc6c83ca0f8b45b4.html \u00bfQuieres m\u00e1s historias? Suscr\u00edbete a nuestro canal \u25ba https:\/\/goo.gl\/L2MPk1 Visita ElMundo: https:\/\/www.elmundo.es Todos nuestros v\u00eddeos: https:\/\/goo.gl\/r9Vzu8 S\u00edguenos en las redes sociales: En Facebook: https:\/\/www.facebook.com\/elmundo\/ En Twitter: https:\/\/twitter.com\/elmundoes En Instagram: https:\/\/www.instagram.com\/elmundo_es\" \/>\n<meta name=\"robots\" content=\"index, follow, max-snippet:-1, max-image-preview:large, max-video-preview:-1\" \/>\n<link rel=\"canonical\" href=\"https:\/\/trade-center.info\/?p=84772\" \/>\n<meta name=\"twitter:card\" content=\"summary_large_image\" \/>\n<meta name=\"twitter:title\" content=\"DIRECTO CORONAVIRUS | Pedro S\u00e1nchez pide una nueva pr\u00f3rroga del estado de alarma\" \/>\n<meta name=\"twitter:description\" content=\"Por tercer d\u00eda consecutivo Espa\u00f1a ha bajado de los 100 muertos por coronavirus. En las \u00faltimas 24 horas ha habido 83 fallecimientos por COvid-19, una cifra superior a la de ayer (59). Mientras tanto, el Pleno del Congreso que hoy debatir\u00e1 y votar\u00e1 la pr\u00f3rroga del estado de alarma centra la actividad pol\u00edtica. El Gobierno ha pactado este martes con Ciudadanos otra pr\u00f3rroga de 15 d\u00edas tras aceptar nuevas condiciones del partido naranja. #PedroS\u00e1nchez #Estadodealarma #Coronavirus La \u00faltima hora del coronavirus hoy con EL MUNDO: https:\/\/www.elmundo.es\/ciencia-y-salud\/salud\/2020\/05\/19\/5ec383e4fc6c83ca0f8b45b4.html \u00bfQuieres m\u00e1s historias? Suscr\u00edbete a nuestro canal \u25ba https:\/\/goo.gl\/L2MPk1 Visita ElMundo: https:\/\/www.elmundo.es Todos nuestros v\u00eddeos: https:\/\/goo.gl\/r9Vzu8 S\u00edguenos en las redes sociales: En Facebook: https:\/\/www.facebook.com\/elmundo\/ En Twitter: https:\/\/twitter.com\/elmundoes En Instagram: https:\/\/www.instagram.com\/elmundo_es\" \/>\n<meta name=\"twitter:image\" content=\"https:\/\/i2.wp.com\/trade-center.info\/wp-content\/uploads\/2020\/05\/2eaa398326b62aabb4c57791134e6be9.jpg?fit=1280%2C720&amp;ssl=1\" \/>\n<meta name=\"twitter:creator\" content=\"@DRAGON_XFILES\" \/>\n<meta name=\"twitter:site\" content=\"@DRAGON_XFILES\" \/>\n<meta name=\"twitter:label1\" content=\"Est. reading time\">\n\t<meta name=\"twitter:data1\" content=\"1\u5206\">\n<script type=\"application\/ld+json\" class=\"yoast-schema-graph\">{\"@context\":\"https:\/\/schema.org\",\"@graph\":[{\"@type\":\"WebSite\",\"@id\":\"https:\/\/trade-center.info\/#website\",\"url\":\"https:\/\/trade-center.info\/\",\"name\":\"\\u7a3c\\u3052\\u308b\\u6295\\u8cc7\\u7cfb\\u53e3\\u30b3\\u30df\\u60c5\\u5831\\u30b5\\u30a4\\u30c8\\u3010Trade Center\\u3011\",\"description\":\"\\u4eca\\u3001\\u4f55\\u304c\\u4e00\\u756a\\u7a3c\\u3052\\u308b\\uff01\\uff1f\\u4eee\\u60f3\\u901a\\u8ca8\\u3084\\u682a\\u5f0f\\u3001FX\\u3001\\u4e0d\\u52d5\\u7523\\u306a\\u3069\\u7a3c\\u3052\\u308b\\u6295\\u8cc7\\u7cfb\\u306e\\u6700\\u65b0\\u60c5\\u5831\\u304c\\u96c6\\u307e\\u308b\\u53e3\\u30b3\\u30df\\u60c5\\u5831\\u30b5\\u30a4\\u30c8\\u3067\\u3059\\uff01\",\"potentialAction\":[{\"@type\":\"SearchAction\",\"target\":\"https:\/\/trade-center.info\/?s={search_term_string}\",\"query-input\":\"required name=search_term_string\"}],\"inLanguage\":\"ja\"},{\"@type\":\"ImageObject\",\"@id\":\"https:\/\/trade-center.info\/?p=84772#primaryimage\",\"inLanguage\":\"ja\",\"url\":\"https:\/\/i2.wp.com\/trade-center.info\/wp-content\/uploads\/2020\/05\/2eaa398326b62aabb4c57791134e6be9.jpg?fit=1280%2C720&ssl=1\",\"width\":1280,\"height\":720},{\"@type\":\"WebPage\",\"@id\":\"https:\/\/trade-center.info\/?p=84772#webpage\",\"url\":\"https:\/\/trade-center.info\/?p=84772\",\"name\":\"DIRECTO CORONAVIRUS | Pedro S\\u00e1nchez pide una nueva pr\\u00f3rroga del estado de alarma\",\"isPartOf\":{\"@id\":\"https:\/\/trade-center.info\/#website\"},\"primaryImageOfPage\":{\"@id\":\"https:\/\/trade-center.info\/?p=84772#primaryimage\"},\"datePublished\":\"2020-05-20T06:16:55+00:00\",\"dateModified\":\"2020-05-20T11:35:19+00:00\",\"author\":{\"@id\":\"https:\/\/trade-center.info\/#\/schema\/person\/0a40ef43a0df6eb7ea139c97e6439fd5\"},\"description\":\"Por tercer d\\u00eda consecutivo Espa\\u00f1a ha bajado de los 100 muertos por coronavirus. En las \\u00faltimas 24 horas ha habido 83 fallecimientos por COvid-19, una cifra superior a la de ayer (59). Mientras tanto, el Pleno del Congreso que hoy debatir\\u00e1 y votar\\u00e1 la pr\\u00f3rroga del estado de alarma centra la actividad pol\\u00edtica. El Gobierno ha pactado este martes con Ciudadanos otra pr\\u00f3rroga de 15 d\\u00edas tras aceptar nuevas condiciones del partido naranja. #PedroS\\u00e1nchez #Estadodealarma #Coronavirus La \\u00faltima hora del coronavirus hoy con EL MUNDO: https:\/\/www.elmundo.es\/ciencia-y-salud\/salud\/2020\/05\/19\/5ec383e4fc6c83ca0f8b45b4.html \\u00bfQuieres m\\u00e1s historias? Suscr\\u00edbete a nuestro canal \\u25ba https:\/\/goo.gl\/L2MPk1 Visita ElMundo: https:\/\/www.elmundo.es Todos nuestros v\\u00eddeos: https:\/\/goo.gl\/r9Vzu8 S\\u00edguenos en las redes sociales: En Facebook: https:\/\/www.facebook.com\/elmundo\/ En Twitter: https:\/\/twitter.com\/elmundoes En Instagram: https:\/\/www.instagram.com\/elmundo_es\",\"breadcrumb\":{\"@id\":\"https:\/\/trade-center.info\/?p=84772#breadcrumb\"},\"inLanguage\":\"ja\",\"potentialAction\":[{\"@type\":\"ReadAction\",\"target\":[\"https:\/\/trade-center.info\/?p=84772\"]}]},{\"@type\":\"BreadcrumbList\",\"@id\":\"https:\/\/trade-center.info\/?p=84772#breadcrumb\",\"itemListElement\":[{\"@type\":\"ListItem\",\"position\":1,\"item\":{\"@type\":\"WebPage\",\"@id\":\"https:\/\/trade-center.info\/\",\"url\":\"https:\/\/trade-center.info\/\",\"name\":\"\\u30db\\u30fc\\u30e0\"}},{\"@type\":\"ListItem\",\"position\":2,\"item\":{\"@type\":\"WebPage\",\"@id\":\"https:\/\/trade-center.info\/?p=84772\",\"url\":\"https:\/\/trade-center.info\/?p=84772\",\"name\":\"DIRECTO CORONAVIRUS | Pedro S\\u00e1nchez pide una nueva pr\\u00f3rroga del estado de alarma \\u2212 \\u30a2\\u30d5\\u30a3\\u30ea\\u30a8\\u30a4\\u30c8\\u52d5\\u753b\\u307e\\u3068\\u3081\"}}]},{\"@type\":\"Person\",\"@id\":\"https:\/\/trade-center.info\/#\/schema\/person\/0a40ef43a0df6eb7ea139c97e6439fd5\",\"name\":\"KALIN\",\"image\":{\"@type\":\"ImageObject\",\"@id\":\"https:\/\/trade-center.info\/#personlogo\",\"inLanguage\":\"ja\",\"url\":\"https:\/\/secure.gravatar.com\/avatar\/cb67de1c87b238419ba5da876eff00f8?s=96&d=mm&r=g\",\"caption\":\"KALIN\"}}]}<\/script>\n<!-- \/ Yoast SEO plugin. -->","jetpack_sharing_enabled":true,"jetpack_shortlink":"https:\/\/wp.me\/pafQIR-m3i","jetpack_likes_enabled":false,"amp_enabled":true,"_links":{"self":[{"href":"https:\/\/trade-center.info\/index.php?rest_route=\/wp\/v2\/posts\/84772"}],"collection":[{"href":"https:\/\/trade-center.info\/index.php?rest_route=\/wp\/v2\/posts"}],"about":[{"href":"https:\/\/trade-center.info\/index.php?rest_route=\/wp\/v2\/types\/post"}],"author":[{"embeddable":true,"href":"https:\/\/trade-center.info\/index.php?rest_route=\/wp\/v2\/users\/1"}],"replies":[{"embeddable":true,"href":"https:\/\/trade-center.info\/index.php?rest_route=%2Fwp%2Fv2%2Fcomments&post=84772"}],"version-history":[{"count":1,"href":"https:\/\/trade-center.info\/index.php?rest_route=\/wp\/v2\/posts\/84772\/revisions"}],"predecessor-version":[{"id":84774,"href":"https:\/\/trade-center.info\/index.php?rest_route=\/wp\/v2\/posts\/84772\/revisions\/84774"}],"wp:featuredmedia":[{"embeddable":true,"href":"https:\/\/trade-center.info\/index.php?rest_route=\/wp\/v2\/media\/84773"}],"wp:attachment":[{"href":"https:\/\/trade-center.info\/index.php?rest_route=%2Fwp%2Fv2%2Fmedia&parent=84772"}],"wp:term":[{"taxonomy":"category","embeddable":true,"href":"https:\/\/trade-center.info\/index.php?rest_route=%2Fwp%2Fv2%2Fcategories&post=84772"},{"taxonomy":"post_tag","embeddable":true,"href":"https:\/\/trade-center.info\/index.php?rest_route=%2Fwp%2Fv2%2Ftags&post=84772"}],"curies":[{"name":"wp","href":"https:\/\/api.w.org\/{rel}","templated":true}]}}