{"id":83005,"date":"2020-05-06T20:11:07","date_gmt":"2020-05-06T11:11:07","guid":{"rendered":"https:\/\/trade-center.info\/?p=83005"},"modified":"2020-05-06T20:35:17","modified_gmt":"2020-05-06T11:35:17","slug":"coronavirus-in-deutschland-regierungspressekonferenz-zur-aktuellen-corona-lage-%e2%88%92-%e3%82%a2%e3%83%95%e3%82%a3%e3%83%aa%e3%82%a8%e3%82%a4%e3%83%88%e5%8b%95%e7%94%bb%e3%81%be%e3%81%a8%e3%82%81","status":"publish","type":"post","link":"https:\/\/trade-center.info\/?p=83005","title":{"rendered":"CORONAVIRUS IN DEUTSCHLAND: Regierungspressekonferenz zur aktuellen Corona-Lage \u2212 \u30a2\u30d5\u30a3\u30ea\u30a8\u30a4\u30c8\u52d5\u753b\u307e\u3068\u3081"},"content":{"rendered":"<p><iframe width=\"480\" height=\"270\" src=\"https:\/\/www.youtube.com\/embed\/Uj1DJR8Pboc?feature=oembed\" frameborder=\"0\" allow=\"accelerometer; autoplay; encrypted-media; gyroscope; picture-in-picture\" allowfullscreen><\/iframe><\/p>\n<p>Die stellvertretende Regierungssprecherin Ulrike Demmer erl\u00e4utert die Positionen der Bundesregierung zur Corona-Frage. Das Corona-Infektionsgeschehen hat sich gut entwickelt, sagt die Kanzlerin. Man k\u00f6nne somit \u00fcber Lockerungen reden. Aber bei \u00dcberschreiten einer Obergrenze von Infektionen m\u00fcssten die L\u00e4nder zur\u00fcck zu den alten Beschr\u00e4nkungen.<\/p>\n<p>Die Bundespressekonferenz ist keine staatliche Organisation, sondern ein Verein von unabh\u00e4ngigen deutschen Pressevertretern.<\/p>\n<p>Der WELT Nachrichten-Livestream http:\/\/bit.ly\/2fwuMPg<br \/>\nAbonniere den WELT YouTube Channel http:\/\/bit.ly\/WeltVideoTVabo<br \/>\nDie Top-Nachrichten auf WELT.de http:\/\/bit.ly\/2rQQD9Q<br \/>\nUnsere Reportagen &#038; Dokumentationen http:\/\/bit.ly\/WELTdokus<br \/>\nDie Mediathek auf WELT.de http:\/\/bit.ly\/2Iydxv8<br \/>\nBesuche uns auf Instagram http:\/\/bit.ly\/2X1M7Hk<\/p>\n<p>In eigener Sache: Wegen des hohen Aufkommens unsachlicher und beleidigender Beitr\u00e4ge k\u00f6nnen wir zurzeit keine Kommentare mehr zulassen. <\/p>\n<p>Danke f\u00fcr Eurer Verst\u00e4ndnis &#8211; das WELT-Team<\/p>\n<p>Video 2020 erstellt<\/p>\n","protected":false},"excerpt":{"rendered":"<p>Die stellvertretende Regierungssprecherin Ulrike Demmer erl\u00e4utert die Positionen der B\u2026","protected":false},"author":1,"featured_media":83006,"comment_status":"open","ping_status":"open","sticky":false,"template":"","format":"standard","meta":{"yasr_overall_rating":0,"yasr_post_is_review":"","yasr_auto_insert_disabled":"","yasr_review_type":"","spay_email":"","jetpack_publicize_message":"","jetpack_is_tweetstorm":false},"categories":[1],"tags":[],"yasr_visitor_votes":{"stars_attributes":{"read_only":false,"span_bottom":false},"number_of_votes":0,"sum_votes":0},"jetpack_featured_media_url":"https:\/\/i0.wp.com\/trade-center.info\/wp-content\/uploads\/2020\/05\/dbdf2cdbab882f957426e17c5a548c03.jpg?fit=1280%2C720&ssl=1","jetpack_publicize_connections":[],"yoast_head":"<!-- This site is optimized with the Yoast SEO plugin v15.9.2 - https:\/\/yoast.com\/wordpress\/plugins\/seo\/ -->\n<meta name=\"description\" content=\"Die stellvertretende Regierungssprecherin Ulrike Demmer erl\u00e4utert die Positionen der Bundesregierung zur Corona-Frage. Das Corona-Infektionsgeschehen hat sich gut entwickelt, sagt die Kanzlerin. Man k\u00f6nne somit \u00fcber Lockerungen reden. Aber bei \u00dcberschreiten einer Obergrenze von Infektionen m\u00fcssten die L\u00e4nder zur\u00fcck zu den alten Beschr\u00e4nkungen. Die Bundespressekonferenz ist keine staatliche Organisation, sondern ein Verein von unabh\u00e4ngigen deutschen Pressevertretern. Der WELT Nachrichten-Livestream http:\/\/bit.ly\/2fwuMPg Abonniere den WELT YouTube Channel http:\/\/bit.ly\/WeltVideoTVabo Die Top-Nachrichten auf WELT.de http:\/\/bit.ly\/2rQQD9Q Unsere Reportagen &amp; Dokumentationen http:\/\/bit.ly\/WELTdokus Die Mediathek auf WELT.de http:\/\/bit.ly\/2Iydxv8 Besuche uns auf Instagram http:\/\/bit.ly\/2X1M7Hk In eigener Sache: Wegen des hohen Aufkommens unsachlicher und beleidigender Beitr\u00e4ge k\u00f6nnen wir zurzeit keine Kommentare mehr zulassen. Danke f\u00fcr Eurer Verst\u00e4ndnis - das WELT-Team Video 2020 erstellt\" \/>\n<meta name=\"robots\" content=\"index, follow, max-snippet:-1, max-image-preview:large, max-video-preview:-1\" \/>\n<link rel=\"canonical\" href=\"https:\/\/trade-center.info\/?p=83005\" \/>\n<meta name=\"twitter:card\" content=\"summary_large_image\" \/>\n<meta name=\"twitter:title\" content=\"CORONAVIRUS IN DEUTSCHLAND: Regierungspressekonferenz zur aktuellen Corona-Lage\" \/>\n<meta name=\"twitter:description\" content=\"Die stellvertretende Regierungssprecherin Ulrike Demmer erl\u00e4utert die Positionen der Bundesregierung zur Corona-Frage. Das Corona-Infektionsgeschehen hat sich gut entwickelt, sagt die Kanzlerin. Man k\u00f6nne somit \u00fcber Lockerungen reden. Aber bei \u00dcberschreiten einer Obergrenze von Infektionen m\u00fcssten die L\u00e4nder zur\u00fcck zu den alten Beschr\u00e4nkungen. Die Bundespressekonferenz ist keine staatliche Organisation, sondern ein Verein von unabh\u00e4ngigen deutschen Pressevertretern. Der WELT Nachrichten-Livestream http:\/\/bit.ly\/2fwuMPg Abonniere den WELT YouTube Channel http:\/\/bit.ly\/WeltVideoTVabo Die Top-Nachrichten auf WELT.de http:\/\/bit.ly\/2rQQD9Q Unsere Reportagen &amp; Dokumentationen http:\/\/bit.ly\/WELTdokus Die Mediathek auf WELT.de http:\/\/bit.ly\/2Iydxv8 Besuche uns auf Instagram http:\/\/bit.ly\/2X1M7Hk In eigener Sache: Wegen des hohen Aufkommens unsachlicher und beleidigender Beitr\u00e4ge k\u00f6nnen wir zurzeit keine Kommentare mehr zulassen. Danke f\u00fcr Eurer Verst\u00e4ndnis - das WELT-Team Video 2020 erstellt\" \/>\n<meta name=\"twitter:image\" content=\"https:\/\/i0.wp.com\/trade-center.info\/wp-content\/uploads\/2020\/05\/dbdf2cdbab882f957426e17c5a548c03.jpg?fit=1280%2C720&amp;ssl=1\" \/>\n<meta name=\"twitter:creator\" content=\"@DRAGON_XFILES\" \/>\n<meta name=\"twitter:site\" content=\"@DRAGON_XFILES\" \/>\n<meta name=\"twitter:label1\" content=\"Est. reading time\">\n\t<meta name=\"twitter:data1\" content=\"1\u5206\">\n<script type=\"application\/ld+json\" class=\"yoast-schema-graph\">{\"@context\":\"https:\/\/schema.org\",\"@graph\":[{\"@type\":\"WebSite\",\"@id\":\"https:\/\/trade-center.info\/#website\",\"url\":\"https:\/\/trade-center.info\/\",\"name\":\"\\u7a3c\\u3052\\u308b\\u6295\\u8cc7\\u7cfb\\u53e3\\u30b3\\u30df\\u60c5\\u5831\\u30b5\\u30a4\\u30c8\\u3010Trade Center\\u3011\",\"description\":\"\\u4eca\\u3001\\u4f55\\u304c\\u4e00\\u756a\\u7a3c\\u3052\\u308b\\uff01\\uff1f\\u4eee\\u60f3\\u901a\\u8ca8\\u3084\\u682a\\u5f0f\\u3001FX\\u3001\\u4e0d\\u52d5\\u7523\\u306a\\u3069\\u7a3c\\u3052\\u308b\\u6295\\u8cc7\\u7cfb\\u306e\\u6700\\u65b0\\u60c5\\u5831\\u304c\\u96c6\\u307e\\u308b\\u53e3\\u30b3\\u30df\\u60c5\\u5831\\u30b5\\u30a4\\u30c8\\u3067\\u3059\\uff01\",\"potentialAction\":[{\"@type\":\"SearchAction\",\"target\":\"https:\/\/trade-center.info\/?s={search_term_string}\",\"query-input\":\"required name=search_term_string\"}],\"inLanguage\":\"ja\"},{\"@type\":\"ImageObject\",\"@id\":\"https:\/\/trade-center.info\/?p=83005#primaryimage\",\"inLanguage\":\"ja\",\"url\":\"https:\/\/i0.wp.com\/trade-center.info\/wp-content\/uploads\/2020\/05\/dbdf2cdbab882f957426e17c5a548c03.jpg?fit=1280%2C720&ssl=1\",\"width\":1280,\"height\":720},{\"@type\":\"WebPage\",\"@id\":\"https:\/\/trade-center.info\/?p=83005#webpage\",\"url\":\"https:\/\/trade-center.info\/?p=83005\",\"name\":\"CORONAVIRUS IN DEUTSCHLAND: Regierungspressekonferenz zur aktuellen Corona-Lage\",\"isPartOf\":{\"@id\":\"https:\/\/trade-center.info\/#website\"},\"primaryImageOfPage\":{\"@id\":\"https:\/\/trade-center.info\/?p=83005#primaryimage\"},\"datePublished\":\"2020-05-06T11:11:07+00:00\",\"dateModified\":\"2020-05-06T11:35:17+00:00\",\"author\":{\"@id\":\"https:\/\/trade-center.info\/#\/schema\/person\/0a40ef43a0df6eb7ea139c97e6439fd5\"},\"description\":\"Die stellvertretende Regierungssprecherin Ulrike Demmer erl\\u00e4utert die Positionen der Bundesregierung zur Corona-Frage. Das Corona-Infektionsgeschehen hat sich gut entwickelt, sagt die Kanzlerin. Man k\\u00f6nne somit \\u00fcber Lockerungen reden. Aber bei \\u00dcberschreiten einer Obergrenze von Infektionen m\\u00fcssten die L\\u00e4nder zur\\u00fcck zu den alten Beschr\\u00e4nkungen. Die Bundespressekonferenz ist keine staatliche Organisation, sondern ein Verein von unabh\\u00e4ngigen deutschen Pressevertretern. Der WELT Nachrichten-Livestream http:\/\/bit.ly\/2fwuMPg Abonniere den WELT YouTube Channel http:\/\/bit.ly\/WeltVideoTVabo Die Top-Nachrichten auf WELT.de http:\/\/bit.ly\/2rQQD9Q Unsere Reportagen & Dokumentationen http:\/\/bit.ly\/WELTdokus Die Mediathek auf WELT.de http:\/\/bit.ly\/2Iydxv8 Besuche uns auf Instagram http:\/\/bit.ly\/2X1M7Hk In eigener Sache: Wegen des hohen Aufkommens unsachlicher und beleidigender Beitr\\u00e4ge k\\u00f6nnen wir zurzeit keine Kommentare mehr zulassen. Danke f\\u00fcr Eurer Verst\\u00e4ndnis - das WELT-Team Video 2020 erstellt\",\"breadcrumb\":{\"@id\":\"https:\/\/trade-center.info\/?p=83005#breadcrumb\"},\"inLanguage\":\"ja\",\"potentialAction\":[{\"@type\":\"ReadAction\",\"target\":[\"https:\/\/trade-center.info\/?p=83005\"]}]},{\"@type\":\"BreadcrumbList\",\"@id\":\"https:\/\/trade-center.info\/?p=83005#breadcrumb\",\"itemListElement\":[{\"@type\":\"ListItem\",\"position\":1,\"item\":{\"@type\":\"WebPage\",\"@id\":\"https:\/\/trade-center.info\/\",\"url\":\"https:\/\/trade-center.info\/\",\"name\":\"\\u30db\\u30fc\\u30e0\"}},{\"@type\":\"ListItem\",\"position\":2,\"item\":{\"@type\":\"WebPage\",\"@id\":\"https:\/\/trade-center.info\/?p=83005\",\"url\":\"https:\/\/trade-center.info\/?p=83005\",\"name\":\"CORONAVIRUS IN DEUTSCHLAND: Regierungspressekonferenz zur aktuellen Corona-Lage \\u2212 \\u30a2\\u30d5\\u30a3\\u30ea\\u30a8\\u30a4\\u30c8\\u52d5\\u753b\\u307e\\u3068\\u3081\"}}]},{\"@type\":\"Person\",\"@id\":\"https:\/\/trade-center.info\/#\/schema\/person\/0a40ef43a0df6eb7ea139c97e6439fd5\",\"name\":\"KALIN\",\"image\":{\"@type\":\"ImageObject\",\"@id\":\"https:\/\/trade-center.info\/#personlogo\",\"inLanguage\":\"ja\",\"url\":\"https:\/\/secure.gravatar.com\/avatar\/cb67de1c87b238419ba5da876eff00f8?s=96&d=mm&r=g\",\"caption\":\"KALIN\"}}]}<\/script>\n<!-- \/ Yoast SEO plugin. -->","jetpack_sharing_enabled":true,"jetpack_shortlink":"https:\/\/wp.me\/pafQIR-lAN","jetpack_likes_enabled":false,"amp_enabled":true,"_links":{"self":[{"href":"https:\/\/trade-center.info\/index.php?rest_route=\/wp\/v2\/posts\/83005"}],"collection":[{"href":"https:\/\/trade-center.info\/index.php?rest_route=\/wp\/v2\/posts"}],"about":[{"href":"https:\/\/trade-center.info\/index.php?rest_route=\/wp\/v2\/types\/post"}],"author":[{"embeddable":true,"href":"https:\/\/trade-center.info\/index.php?rest_route=\/wp\/v2\/users\/1"}],"replies":[{"embeddable":true,"href":"https:\/\/trade-center.info\/index.php?rest_route=%2Fwp%2Fv2%2Fcomments&post=83005"}],"version-history":[{"count":1,"href":"https:\/\/trade-center.info\/index.php?rest_route=\/wp\/v2\/posts\/83005\/revisions"}],"predecessor-version":[{"id":83007,"href":"https:\/\/trade-center.info\/index.php?rest_route=\/wp\/v2\/posts\/83005\/revisions\/83007"}],"wp:featuredmedia":[{"embeddable":true,"href":"https:\/\/trade-center.info\/index.php?rest_route=\/wp\/v2\/media\/83006"}],"wp:attachment":[{"href":"https:\/\/trade-center.info\/index.php?rest_route=%2Fwp%2Fv2%2Fmedia&parent=83005"}],"wp:term":[{"taxonomy":"category","embeddable":true,"href":"https:\/\/trade-center.info\/index.php?rest_route=%2Fwp%2Fv2%2Fcategories&post=83005"},{"taxonomy":"post_tag","embeddable":true,"href":"https:\/\/trade-center.info\/index.php?rest_route=%2Fwp%2Fv2%2Ftags&post=83005"}],"curies":[{"name":"wp","href":"https:\/\/api.w.org\/{rel}","templated":true}]}}